{"id":60,"date":"1994-06-15T12:26:40","date_gmt":"1994-06-15T11:26:40","guid":{"rendered":"http:\/\/lubwart.de\/wordpress\/?p=60"},"modified":"2008-04-16T14:07:41","modified_gmt":"2008-04-16T13:07:41","slug":"lehrgang-in-elsterwerda-2","status":"publish","type":"post","link":"https:\/\/www.bushido-lubwart.de\/wordpress\/lehrgang-in-elsterwerda-2\/","title":{"rendered":"Lehrgang in Elsterwerda"},"content":{"rendered":"<p><img ALIGN=\"left\" HEIGHT=\"75\" WIDTH=\"100\" VSPACE=\"10\" HSPACE=\"10\" BORDER=\"0\" SRC=\"http:\/\/www.bushido-lubwart.de\/wordpress\/wp-content\/gallery\/940501\/thumbs\/thumbs_940501_002.jpg\" \/>Am letzten Wochenende im Wonnemonat Mai konnte unser Verein Sensei J\u00f6rg Kohl (2\u00b0 Dan) bereits zum 3. Mal f\u00fcr einen Lehrgang in Elsterwerda gewinnen.<br \/>\n<!--more--><br \/>\nNicht zuletzt ihm ist es zu verdanken, da\u00df dieser Lehrgang ein gro\u00dfer Erfolg wurde. Immerhin waren weit \u00fcber f\u00fcnfzig Karateka (zum Teil sogar aus Rheinsberg, Neupruppin und Chemnitz) angereist, um unter J\u00f6rg Kohl zu trainieren.<\/p>\n<p>In Anbetracht dieser Wegstrecken war ich pers\u00f6nlich etwas traurig, da\u00df die Trainingsgruppe Wahrenbr\u00fcck mit nur einem Sch\u00fcler vertreten war. Ich will hoffen, da\u00df die n\u00e4chsten Lehrg\u00e4nge insbesondere auch von unseren Mitgliedern st\u00e4rker besucht werden.<\/p>\n<p>Am Samstag gab es zun\u00e4chst einige Organisationsschwierigkeiten, da nicht gen\u00fcgend Helfer da waren, um notwendige Aufgaben mitzutragen. Aber nichtsdestotrotz konnte das Training p\u00fcnktlich beginnen.<\/p>\n<p>Wie von J\u00f6rg Kohl bereits gewohnt. legte er gro\u00dfen Wert auf eine saubere und starke Grundschule mit richtigem H\u00fcfteinsatz. Unter diesen Gesichtspunkten wurden in der ersten Trainingseinheit die Grundtechniken (Kihon Waza) ausf\u00fchrlich ge\u00fcbt.<\/p>\n<p>Anschlie\u00dfend stand noch die Kata Heian Shodan auf dem Trainingsplan, wobei auch die Applikation (Anwendung mit Partner) nicht zu kurz kam. W\u00e4hrend dieser ersten \u00dcbungsstunde wurde J\u00f6rg Kohl durch Steffen John, Inhaber des 1\u00b0 Dan unterst\u00fctzt, der aber leider nicht f\u00fcr die gesamte Dauer des Lehrganges bleiben konnte.<\/p>\n<p>Am Nachmittag wurde das Trainings dort fortgesetzt, wo es am Vormittag aufh\u00f6rte: Kihon, Kata und Applikation bis zum Abwinken. Immer wieder zeigte J\u00f6rg Kohl Fehler auf und korrigierte diese geduldig.<\/p>\n<p>Der Trainer bem\u00e4ngelte auch die schlechte Einhaltung und Kenntnis der Dojo-Etikette (insbesondere im Hinblick auf das Zusp\u00e4tkommen einiger Teilnehmer oder das h\u00e4ufige &#8222;Gequatsche&#8220;). Wie J\u00f6rg Kohl ausf\u00fchrte, \u00fcbten wir eine japanische Kampfkunst. Deshalb mu\u00df man auch sein Verhalten danach ausrichten, sonst verkommt Karate zu irgendeiner beliebigen Sportart und der Geist des Karate geht verloren.<\/p>\n<p>Wir werden daher unsere Mitglieder in der n\u00e4chsten Ausgabe der Vereinszeitung ausf\u00fchrlich \u00fcber die Verhaltensregeln im Dojo unterrichten.<\/p>\n<p>Besonderes hervorzuheben ist auch das Dojoleitertraining am Samstag, welches Vormittags noch einmal die Kata Heian Shodan zum Inhalt hatte. Wie im traditionellen Karate \u00fcblich, wurde die Kata am Partner erarbeitet. So konnte man wirklich das Gef\u00fchl daf\u00fcr entwickeln, da\u00df Kata in der Tat ein Kampf gegen mehrere imagin\u00e4re Gegner ist. Es folgten sodann noch einige \u00dcbungsbeispiele (wie z.B. Kata als Kampf, Ushiro Kata oder Heian Shodan mit allen m\u00f6glichen Beintechniken). Am Nachmittag wurde die Kata Jion sowohl allein als auch am Partner erarbeitet und ge\u00fcbt.<\/p>\n<p>Am Sonntag fand wieder eine gemeinsame Trainingseinheit statt. Thema dieser letzten Trainingseinheit des Lehrganges war nat\u00fcrlich Kumite. Zun\u00e4chst wurden die Techniken in der Grundschule ge\u00fcbt und verfeinert. Alsdann folgte die Arbeit am Partner mit einer leicht abgewandelten Form des Gohon Kumite (Angreifer und Verteidiger wechselten f\u00fcr die 3. Z\u00e4hlzeit die Aufgabenstellung). Dadurch wurden sowohl Aufmerksamkeit und Konzentration als auch Koordination geschult. Zum Abschlu\u00df des Trainings war noch einmal Kata (Heian Shodan) dran.<\/p>ngg_shortcode_0_placeholder<p>So wurden durch den Trainer die &#8222;drei S\u00e4ulen des Karate&#8220; Kihon, Kata und Kumite gleicherma\u00dfen ber\u00fccksichtigt.<\/p>\n<p>F\u00fcr 24 unserer Mitglieder bildete die am Sonntag bevorstehende G\u00fcrtelpr\u00fcfung einen H\u00f6hepunkt besonderer Art. Allerdings lehnte J\u00f6rg Kohl die Pr\u00fcfung derjenigen Teilnehmer ab, die nur am Sonntag wegen der G\u00fcrtelpr\u00fcfung zum Training erschienen. K\u00fcnftig werden die \u00dcbungsleiter und Trainer des Vereins die Pr\u00fcfungszulassung st\u00e4rker von einer regelm\u00e4\u00dfigen Trainingsteilnahme abh\u00e4ngig machen.<\/p>\n<p>Erfreulicherweise bestanden alle Pr\u00fcflinge die Pr\u00fcfung zum n\u00e4chsth\u00f6heren G\u00fcrtelgrad.<\/p>\n<p>Und so sieht das Pr\u00fcfungsergebnis im einzelnen aus:<\/p>\n<p>Die Pr\u00fcfung zum 9. Kyu (Wei\u00dfgurt) bestanden: Stephan Bauer, Maik Braune, Thomas Braune, Tobias Doehring, Mario Franz, Peter F\u00fcller, Kristin Heller, Christian Heyde, Andr\u00e9 Kujath, Wladimir Moor, Christian Rast, J\u00fcrgen Schr\u00e4pel, Stefan Schr\u00e4pel, Markus Seiler, Carina V\u00f6lz, Mario Wengert und Jochen Wieland.<\/p>\n<p>Die Pr\u00fcfung zum 8. Kyu (Gelbgurt) haben bestanden: Ringo Horn, Geovanna Knoblich, Cora Steyer, Nicoll Ullrich und Raiko Wehnert.<\/p>\n<p>Die Pr\u00fcfung zum 7. Kyu (Orangegurt) bestanden: Marco Ke\u00dfler und Thomas M\u00fcller.<\/p>\n<p>Allen erfolgreichen Pr\u00fcfungsteilnehmern m\u00f6chte ich auf diesem Wege noch einmal recht herzlich gratulieren und ihnen auch f\u00fcr die Zukunft alles Gute und viel Erfolg auf ihrem weiteren Karate-Weg w\u00fcnschen.<\/p>\n<p>Ich hoffe, da\u00df wir uns alle (und noch ein paar mehr) im Herbst beim n\u00e4chsten Lehrgang mit J\u00f6rg Kohl wiedersehen.<\/p>\n","protected":false},"excerpt":{"rendered":"<p>Am letzten Wochenende im Wonnemonat Mai konnte unser Verein Sensei J\u00f6rg Kohl (2\u00b0 Dan) bereits zum 3. Mal f\u00fcr einen Lehrgang in Elsterwerda gewinnen.<\/p>\n","protected":false},"author":2,"featured_media":0,"comment_status":"open","ping_status":"open","sticky":false,"template":"","format":"standard","meta":{"ngg_post_thumbnail":0,"footnotes":""},"categories":[143],"tags":[],"class_list":["post-60","post","type-post","status-publish","format-standard","hentry","category-news"],"_links":{"self":[{"href":"https:\/\/www.bushido-lubwart.de\/wordpress\/wp-json\/wp\/v2\/posts\/60"}],"collection":[{"href":"https:\/\/www.bushido-lubwart.de\/wordpress\/wp-json\/wp\/v2\/posts"}],"about":[{"href":"https:\/\/www.bushido-lubwart.de\/wordpress\/wp-json\/wp\/v2\/types\/post"}],"author":[{"embeddable":true,"href":"https:\/\/www.bushido-lubwart.de\/wordpress\/wp-json\/wp\/v2\/users\/2"}],"replies":[{"embeddable":true,"href":"https:\/\/www.bushido-lubwart.de\/wordpress\/wp-json\/wp\/v2\/comments?post=60"}],"version-history":[{"count":0,"href":"https:\/\/www.bushido-lubwart.de\/wordpress\/wp-json\/wp\/v2\/posts\/60\/revisions"}],"wp:attachment":[{"href":"https:\/\/www.bushido-lubwart.de\/wordpress\/wp-json\/wp\/v2\/media?parent=60"}],"wp:term":[{"taxonomy":"category","embeddable":true,"href":"https:\/\/www.bushido-lubwart.de\/wordpress\/wp-json\/wp\/v2\/categories?post=60"},{"taxonomy":"post_tag","embeddable":true,"href":"https:\/\/www.bushido-lubwart.de\/wordpress\/wp-json\/wp\/v2\/tags?post=60"}],"curies":[{"name":"wp","href":"https:\/\/api.w.org\/{rel}","templated":true}]}}