{"id":3635,"date":"2023-11-28T15:40:52","date_gmt":"2023-11-28T14:40:52","guid":{"rendered":"http:\/\/www.bushido-lubwart.de\/wordpress\/?p=3635"},"modified":"2023-11-28T15:41:29","modified_gmt":"2023-11-28T14:41:29","slug":"guertelpruefung-samstag-16-12-2023","status":"publish","type":"post","link":"https:\/\/www.bushido-lubwart.de\/wordpress\/guertelpruefung-samstag-16-12-2023\/","title":{"rendered":"G\u00fcrtelpr\u00fcfung Samstag 16.12.2023 in Elsterwerda"},"content":{"rendered":"\n<p>G\u00fcrtelpr\u00fcfungen sind immer ein besonderes Highlight die das Training bereichern und starke Motivation ausl\u00f6sen. Bem\u00fchen, Einstellung, Kampfgeist und flei\u00dfiges Training sind erforderlich um die n\u00e4chste G\u00fcrtelfarbe nach erfolgreich bestandener Pr\u00fcfung zu erhalten.<\/p>\n<p><span class=\"ILfuVd\" lang=\"de\"><span class=\"hgKElc\">Der aktuelle Leistungsstand des Karateka wird in der G\u00fcrtelfarbe widerspiegelt. Die Pr\u00fcfungen geben dem Sch\u00fcler eine Orientierung: <\/span><\/span><\/p>\n<ol>\n<li><span class=\"ILfuVd\" lang=\"de\"><span class=\"hgKElc\">Wo stehe ich und wie gut bin ich?<\/span><\/span><\/li>\n<li><span class=\"ILfuVd\" lang=\"de\"><span class=\"hgKElc\">Was gibt es zu lernen?<\/span><\/span><\/li>\n<li><span class=\"ILfuVd\" lang=\"de\"><span class=\"hgKElc\">Wohin f\u00fchrt mich der Weg?<\/span><\/span><\/li>\n<\/ol>\n<p><a href=\"http:\/\/www.bushido-lubwart.de\/wordpress\/karate-and-more\/prufungen\/prufungsordnung-ajka\/\">Hier gelangt ihr zum Pr\u00fcfungsprogramm damit jeder wei\u00df, was von ihm gefordert wird (bitte hier&nbsp; draufklicken).<\/a><\/p>\n<p>Diesen Samstag darf sich jeder beweisen! Wir freuen uns auf eine starke Teilnahme!<\/p>\n<p>Die Pr\u00fcfung findet von 9.30 &#8211; 11 Uhr in Elsterwerda zu der normalen Trainingszeit statt.<span class=\"ILfuVd\" lang=\"de\"><span class=\"hgKElc\">&nbsp;<\/span><\/span><\/p>\n","protected":false},"excerpt":{"rendered":"<p>G\u00fcrtelpr\u00fcfungen sind immer ein besonderes Highlight die das Training bereichern und starke Motivation ausl\u00f6sen. Bem\u00fchen, Einstellung, Kampfgeist und flei\u00dfiges Training sind erforderlich um die n\u00e4chste G\u00fcrtelfarbe nach erfolgreich bestandener Pr\u00fcfung zu erhalten. Der aktuelle Leistungsstand des Karateka wird in der G\u00fcrtelfarbe widerspiegelt. Die Pr\u00fcfungen geben dem Sch\u00fcler eine Orientierung: Wo stehe ich und wie gut [&hellip;]<\/p>\n","protected":false},"author":5,"featured_media":0,"comment_status":"open","ping_status":"open","sticky":false,"template":"","format":"standard","meta":{"ngg_post_thumbnail":0,"footnotes":""},"categories":[143],"tags":[],"class_list":["post-3635","post","type-post","status-publish","format-standard","hentry","category-news"],"_links":{"self":[{"href":"https:\/\/www.bushido-lubwart.de\/wordpress\/wp-json\/wp\/v2\/posts\/3635"}],"collection":[{"href":"https:\/\/www.bushido-lubwart.de\/wordpress\/wp-json\/wp\/v2\/posts"}],"about":[{"href":"https:\/\/www.bushido-lubwart.de\/wordpress\/wp-json\/wp\/v2\/types\/post"}],"author":[{"embeddable":true,"href":"https:\/\/www.bushido-lubwart.de\/wordpress\/wp-json\/wp\/v2\/users\/5"}],"replies":[{"embeddable":true,"href":"https:\/\/www.bushido-lubwart.de\/wordpress\/wp-json\/wp\/v2\/comments?post=3635"}],"version-history":[{"count":2,"href":"https:\/\/www.bushido-lubwart.de\/wordpress\/wp-json\/wp\/v2\/posts\/3635\/revisions"}],"predecessor-version":[{"id":3637,"href":"https:\/\/www.bushido-lubwart.de\/wordpress\/wp-json\/wp\/v2\/posts\/3635\/revisions\/3637"}],"wp:attachment":[{"href":"https:\/\/www.bushido-lubwart.de\/wordpress\/wp-json\/wp\/v2\/media?parent=3635"}],"wp:term":[{"taxonomy":"category","embeddable":true,"href":"https:\/\/www.bushido-lubwart.de\/wordpress\/wp-json\/wp\/v2\/categories?post=3635"},{"taxonomy":"post_tag","embeddable":true,"href":"https:\/\/www.bushido-lubwart.de\/wordpress\/wp-json\/wp\/v2\/tags?post=3635"}],"curies":[{"name":"wp","href":"https:\/\/api.w.org\/{rel}","templated":true}]}}