{"id":3516,"date":"2018-01-16T12:37:53","date_gmt":"2018-01-16T11:37:53","guid":{"rendered":"http:\/\/www.bushido-lubwart.de\/wordpress\/?p=3516"},"modified":"2018-01-26T12:45:49","modified_gmt":"2018-01-26T11:45:49","slug":"information-karate-lehrgang-mit-joerg-kohl-7-dan-in-freital","status":"publish","type":"post","link":"https:\/\/www.bushido-lubwart.de\/wordpress\/information-karate-lehrgang-mit-joerg-kohl-7-dan-in-freital\/","title":{"rendered":"Information: Karate-Lehrgang mit J\u00f6rg Kohl 7.DAN in Freital"},"content":{"rendered":"<p>Vom 27.1.-28.1.2017 findet ein Karate Lehrgang mit Sensei J\u00f6rg Kohl (7. Dan) in Freital statt. Allen Interessenten unseres Vereins bitte ich um zeitnahe R\u00fcckmeldung damit wir die Mitfahrgelegenheiten planen k\u00f6nnen. Training f\u00fcr Wei\u00df bis Schwarzgurte.<!--more--><\/p>\n<p>Verpasst keinen Karate-Lehrgang und lasst keine Trainingseinheit aus. H\u00e4ufig erkennt man an der Karatetechnik wie flei\u00dfig trainiert wird.<\/p>\n<p>Sensei Kohl trainiert seit 1975 Shotokan Karate. Er trainierte unter anderem bei namhaften japanischen Meistern wie Sensei Enoeda, Sensei Fujinaga Sensei Safar 9.DAN.<\/p>\n<p>Er erreichte zahlreiche nationale und internationale Erfolge und ist Weltkampfrichter.<\/p>\n<p>Dar\u00fcber hinaus war er Landes-trainer f\u00fcr Brandenburg und fungiert heute als Chiefinstructor SRD.<\/p>\n<p>Er nahm am Ausbildungsprogramm der durch Sensei Nakayama in Auftrag gegebenen sportwissenschaftlichen Untersuchung des Karate Do an der Long Island Universit\u00e4t in den USA teil, und bestand dieses mit Auszeichnung.<\/p>\n","protected":false},"excerpt":{"rendered":"<p>Vom 27.1.-28.1.2017 findet ein Karate Lehrgang mit Sensei J\u00f6rg Kohl (7. Dan) in Freital statt. Allen Interessenten unseres Vereins bitte ich um zeitnahe R\u00fcckmeldung damit wir die Mitfahrgelegenheiten planen k\u00f6nnen. Training f\u00fcr Wei\u00df bis Schwarzgurte.<\/p>\n","protected":false},"author":5,"featured_media":0,"comment_status":"open","ping_status":"open","sticky":false,"template":"","format":"standard","meta":{"ngg_post_thumbnail":0,"footnotes":""},"categories":[143],"tags":[],"class_list":["post-3516","post","type-post","status-publish","format-standard","hentry","category-news"],"_links":{"self":[{"href":"https:\/\/www.bushido-lubwart.de\/wordpress\/wp-json\/wp\/v2\/posts\/3516"}],"collection":[{"href":"https:\/\/www.bushido-lubwart.de\/wordpress\/wp-json\/wp\/v2\/posts"}],"about":[{"href":"https:\/\/www.bushido-lubwart.de\/wordpress\/wp-json\/wp\/v2\/types\/post"}],"author":[{"embeddable":true,"href":"https:\/\/www.bushido-lubwart.de\/wordpress\/wp-json\/wp\/v2\/users\/5"}],"replies":[{"embeddable":true,"href":"https:\/\/www.bushido-lubwart.de\/wordpress\/wp-json\/wp\/v2\/comments?post=3516"}],"version-history":[{"count":2,"href":"https:\/\/www.bushido-lubwart.de\/wordpress\/wp-json\/wp\/v2\/posts\/3516\/revisions"}],"predecessor-version":[{"id":3519,"href":"https:\/\/www.bushido-lubwart.de\/wordpress\/wp-json\/wp\/v2\/posts\/3516\/revisions\/3519"}],"wp:attachment":[{"href":"https:\/\/www.bushido-lubwart.de\/wordpress\/wp-json\/wp\/v2\/media?parent=3516"}],"wp:term":[{"taxonomy":"category","embeddable":true,"href":"https:\/\/www.bushido-lubwart.de\/wordpress\/wp-json\/wp\/v2\/categories?post=3516"},{"taxonomy":"post_tag","embeddable":true,"href":"https:\/\/www.bushido-lubwart.de\/wordpress\/wp-json\/wp\/v2\/tags?post=3516"}],"curies":[{"name":"wp","href":"https:\/\/api.w.org\/{rel}","templated":true}]}}