{"id":3459,"date":"2017-09-23T07:12:14","date_gmt":"2017-09-23T06:12:14","guid":{"rendered":"http:\/\/www.bushido-lubwart.de\/wordpress\/?p=3459"},"modified":"2017-09-26T07:18:41","modified_gmt":"2017-09-26T06:18:41","slug":"erfolg-fuer-ali-beim-ippon-cup-2017","status":"publish","type":"post","link":"https:\/\/www.bushido-lubwart.de\/wordpress\/erfolg-fuer-ali-beim-ippon-cup-2017\/","title":{"rendered":"Erfolg f\u00fcr Ali beim Ippon Cup 2017"},"content":{"rendered":"<p>Am 23.09.2017 fand der diesj\u00e4hrige Ippon Cup in Berlin statt.<br \/>\nTeilnehmer aus der ganzen Welt, u.a. den USA und Ungarn, reisten an, um ihre Kr\u00e4fte in fairen Wettk\u00e4mpfen zu messen.<\/p>\n<p><!--more-->Leider reduzierte sich die urspr\u00fcngliche Teilnehmerzahl aufgrund von Krankheit dieses Jahr auf lediglich 62 Wettk\u00e4mpfer. Aus unserem Verein startete lediglich Ali. Im Bereich Kata der Kategorie 16\/17 Jahre, 5. Kyu bis 6. Dan, setzte er sich erfolgreich gegen 7 weitere Teilnehmer durch und erk\u00e4mpfte sich einen starken 3. Platz. \u00dcbertreffen konnte er dieses Ergebnis im Kumite, wo er die Silbermedaille erhielt. Herzlichen Gl\u00fcckwunsch! Bericht Lisa J.<\/p>\n","protected":false},"excerpt":{"rendered":"<p>Am 23.09.2017 fand der diesj\u00e4hrige Ippon Cup in Berlin statt. Teilnehmer aus der ganzen Welt, u.a. den USA und Ungarn, reisten an, um ihre Kr\u00e4fte in fairen Wettk\u00e4mpfen zu messen.<\/p>\n","protected":false},"author":5,"featured_media":0,"comment_status":"open","ping_status":"open","sticky":false,"template":"","format":"standard","meta":{"ngg_post_thumbnail":0,"footnotes":""},"categories":[143],"tags":[],"class_list":["post-3459","post","type-post","status-publish","format-standard","hentry","category-news"],"_links":{"self":[{"href":"https:\/\/www.bushido-lubwart.de\/wordpress\/wp-json\/wp\/v2\/posts\/3459"}],"collection":[{"href":"https:\/\/www.bushido-lubwart.de\/wordpress\/wp-json\/wp\/v2\/posts"}],"about":[{"href":"https:\/\/www.bushido-lubwart.de\/wordpress\/wp-json\/wp\/v2\/types\/post"}],"author":[{"embeddable":true,"href":"https:\/\/www.bushido-lubwart.de\/wordpress\/wp-json\/wp\/v2\/users\/5"}],"replies":[{"embeddable":true,"href":"https:\/\/www.bushido-lubwart.de\/wordpress\/wp-json\/wp\/v2\/comments?post=3459"}],"version-history":[{"count":2,"href":"https:\/\/www.bushido-lubwart.de\/wordpress\/wp-json\/wp\/v2\/posts\/3459\/revisions"}],"predecessor-version":[{"id":3461,"href":"https:\/\/www.bushido-lubwart.de\/wordpress\/wp-json\/wp\/v2\/posts\/3459\/revisions\/3461"}],"wp:attachment":[{"href":"https:\/\/www.bushido-lubwart.de\/wordpress\/wp-json\/wp\/v2\/media?parent=3459"}],"wp:term":[{"taxonomy":"category","embeddable":true,"href":"https:\/\/www.bushido-lubwart.de\/wordpress\/wp-json\/wp\/v2\/categories?post=3459"},{"taxonomy":"post_tag","embeddable":true,"href":"https:\/\/www.bushido-lubwart.de\/wordpress\/wp-json\/wp\/v2\/tags?post=3459"}],"curies":[{"name":"wp","href":"https:\/\/api.w.org\/{rel}","templated":true}]}}