{"id":3077,"date":"2016-10-17T09:03:37","date_gmt":"2016-10-17T08:03:37","guid":{"rendered":"http:\/\/www.bushido-lubwart.de\/wordpress\/?p=3077"},"modified":"2016-10-17T09:07:41","modified_gmt":"2016-10-17T08:07:41","slug":"information-karate-lehrgang-am-5-6-11-16-mit-sensei-kohl-7-dan","status":"publish","type":"post","link":"https:\/\/www.bushido-lubwart.de\/wordpress\/information-karate-lehrgang-am-5-6-11-16-mit-sensei-kohl-7-dan\/","title":{"rendered":"Information: Karate Lehrgang am 5.-6.11.16 mit Sensei Kohl 7. Dan"},"content":{"rendered":"<p>Vom 05.11. \u2013 06.11.2016 findet ein Karate Lehrgang mit Sensei J\u00f6rg Kohl (7. Dan) in Neuruppin statt. Allen Interessenten unseres Vereins bitte ich um zeitnahe R\u00fcckmeldung damit wir die Mitfahrgelegenheiten planen k\u00f6nnen. Training f\u00fcr Wei\u00df bis Schwarzgurte.<\/p>\n<p><a href=\"http:\/\/www.bushido-lubwart.de\/wordpress\/wp-content\/uploads\/2016\/10\/jorg.bmp\">Die Ausschreibung kann hier heruntergeladen werden.<\/a><\/p>\n<p><!--more--><\/p>\n<p>Verpasst keinen Karate-Lehrgang und lasst keine Trainingseinheit aus. H\u00e4ufig erkennt man an der Karatetechnik wie flei\u00dfig trainiert wird.<\/p>\n<p>Sensei Kohl trainiert seit 1975 Shotokan &#8211; Karate. Er trainierte unter anderem bei namhaften japanischen Meistern wie Sensei Enoeda und Sensei Fujinaga.<\/p>\n<p>Er erreichte zahlreiche nationale und internationale Erfolge und ist Weltkampfrichter.<\/p>\n<p>Dar\u00fcber hinaus war er Landes-trainer f\u00fcr Brandenburg und fungiert heute als Chiefinstructor SRD.<\/p>\n<p>Er nahm am Ausbildungsprogramm der durch Sensei Nakayama in Auftrag gegebenen sportwissen-<br \/>\nschaftlichen Untersuchung des Karate &#8211; Do an der Long Island Universit\u00e4t in den USA teil, und bestand dieses mit Auszeichnung.<\/p>\n","protected":false},"excerpt":{"rendered":"<p>Vom 05.11. \u2013 06.11.2016 findet ein Karate Lehrgang mit Sensei J\u00f6rg Kohl (7. Dan) in Neuruppin statt. Allen Interessenten unseres Vereins bitte ich um zeitnahe R\u00fcckmeldung damit wir die Mitfahrgelegenheiten planen k\u00f6nnen. Training f\u00fcr Wei\u00df bis Schwarzgurte. Die Ausschreibung kann hier heruntergeladen werden.<\/p>\n","protected":false},"author":5,"featured_media":0,"comment_status":"open","ping_status":"open","sticky":false,"template":"","format":"standard","meta":{"ngg_post_thumbnail":0,"footnotes":""},"categories":[143],"tags":[],"class_list":["post-3077","post","type-post","status-publish","format-standard","hentry","category-news"],"_links":{"self":[{"href":"https:\/\/www.bushido-lubwart.de\/wordpress\/wp-json\/wp\/v2\/posts\/3077"}],"collection":[{"href":"https:\/\/www.bushido-lubwart.de\/wordpress\/wp-json\/wp\/v2\/posts"}],"about":[{"href":"https:\/\/www.bushido-lubwart.de\/wordpress\/wp-json\/wp\/v2\/types\/post"}],"author":[{"embeddable":true,"href":"https:\/\/www.bushido-lubwart.de\/wordpress\/wp-json\/wp\/v2\/users\/5"}],"replies":[{"embeddable":true,"href":"https:\/\/www.bushido-lubwart.de\/wordpress\/wp-json\/wp\/v2\/comments?post=3077"}],"version-history":[{"count":5,"href":"https:\/\/www.bushido-lubwart.de\/wordpress\/wp-json\/wp\/v2\/posts\/3077\/revisions"}],"predecessor-version":[{"id":3083,"href":"https:\/\/www.bushido-lubwart.de\/wordpress\/wp-json\/wp\/v2\/posts\/3077\/revisions\/3083"}],"wp:attachment":[{"href":"https:\/\/www.bushido-lubwart.de\/wordpress\/wp-json\/wp\/v2\/media?parent=3077"}],"wp:term":[{"taxonomy":"category","embeddable":true,"href":"https:\/\/www.bushido-lubwart.de\/wordpress\/wp-json\/wp\/v2\/categories?post=3077"},{"taxonomy":"post_tag","embeddable":true,"href":"https:\/\/www.bushido-lubwart.de\/wordpress\/wp-json\/wp\/v2\/tags?post=3077"}],"curies":[{"name":"wp","href":"https:\/\/api.w.org\/{rel}","templated":true}]}}