{"id":232,"date":"1997-12-16T06:33:15","date_gmt":"1997-12-16T05:33:15","guid":{"rendered":"http:\/\/lubwart.de\/wordpress\/?p=232"},"modified":"2008-04-22T09:52:57","modified_gmt":"2008-04-22T08:52:57","slug":"landesmeisterschaften-2","status":"publish","type":"post","link":"https:\/\/www.bushido-lubwart.de\/wordpress\/landesmeisterschaften-2\/","title":{"rendered":"Landesmeisterschaften"},"content":{"rendered":"<p>Unser Verein war wieder einmal erfolgreich<img ALIGN=\"right\" HEIGHT=\"75\" WIDTH=\"100\" VSPACE=\"10\" HSPACE=\"10\" BORDER=\"0\" SRC=\"http:\/\/www.bushido-lubwart.de\/wordpress\/wp-content\/gallery\/971018\/thumbs\/thumbs_970901_011.jpg\" \/><\/p>\n<p>Neuruppin \/ Bad Liebenwerda. Am 18.10.1997 fanden in Neuruppin die diesj\u00e4hrigen Landesmeisterschaften im traditionellen Shotokan-Karate statt, an denen sich auch der Liebenwerdaer Karateverein Bushido Lubwart Bad Liebenwerda e.V. mit f\u00fcnf Startern beteiligte. Eigentlich hatten wir noch einen Starter mehr gemeldet, aber Steffen Wohmann hatte sich am Freitag beim Training verletzt und konnte daher nicht beim Wettkampf antreten.<br \/>\n<!--more--><\/p>\n<p>Mit zwei Fahrzeugen machten wir uns auf den Weg nach Neuruppin. Vor der Halle trafen wir uns und begaben uns dann gemeinsam in das Innere. Dort herrschte schon reger Ansturm. Trotz der zun\u00e4chst vorgesehenen Teilnehmerbegrenzung war die Halle stark gef\u00fcllt. Teilnehmer aus allen Brandenburger Vereinen waren angereist, um ihre Kr\u00e4fte zu messen.<\/p>\n<p>Der gastgebende Verein, der TKV Ruppin e.V. hatte sich gr\u00f6\u00dfte M\u00fche gegeben, um den Meisterschaften ein entsprechendes Flair zu verleihen. So war an der Stirnseite des Dojo ein japanisches Tor aufgebaut sowie ein Katana-Set und ein Bildnis Sensei Funakoshi&#8217;s aufgestellt &#8211; alles in allem machte dies einen sehr guten Eindruck.<\/p>\n<p>Nach einer kurzen Er\u00f6ffnungsansprache begannen die Meisterschaften auch schon. Gek\u00e4mpft wurde wie \u00fcblich im K.O.-System auf drei Wettkampffl\u00e4chen gleichzeitig. Da leider nicht genug Kampfrichter zur Verf\u00fcgung standen, wurde beschlossen, da\u00df auf den einzelnen Pool&#8217;s je ein Hauptkampfrichter sowie zwei Seitenkampfrichter verteilt wurden. So konnten diverse Entscheidungen zum einen schneller gef\u00e4llt werden, jedoch beeinflu\u00dft dies meiner Meinung nach aber leider auch die Entscheidung in Grenzf\u00e4llen.<\/p>\n<p>Kristin Heller war mit als erste an der Reihe. Sowohl in Kata als auch in Kumite konnte sie sich souver\u00e4n durchsetzen und erk\u00e4mpfte so gleich zwei Meistertitel.<\/p>\n<p>Stefan Schr\u00e4pel, der gleichfalls in der Kategorie 7. Kyu startete, konnte sich ebenfalls gut durchsetzen. In Kata traf er in der zweiten Runde auf einen Gelbgurt. Nach einem Unentschieden ging es in die n\u00e4chste Runde. Da der Gelbgurt die Kata Heian Nidan nicht kannte, mu\u00dfte Stefan nochmals mit Heian Shodan antreten. Meiner Meinung nach h\u00e4tte er wohl den Sieg verdient, aber die Schiedsrichter entschieden f\u00fcr den Gelbgurt, der allerdings den Gelbgurt, der allerdings im weiteren Verlauf keine Chance mehr hatte, so da\u00df Stefan damit in der Kategorie Kata keine Siegesm\u00f6glichkeiten mehr hatte. Etwas anders sah die Sache dann schon beim Kumite aus. Hier best\u00e4tigte Stefan seine Leistung von den Meisterschaften im Mai und sicherte sich einen dritten Platz.<\/p>\n<p>Maik Hinze startete bei den etwas \u00e4lteren Blaugurten (die Kategorie der Senioren war aufgrund der \u00e4u\u00dferst geringen Teilnehmerzahl nicht vertreten). W\u00e4hrend er im Kumite zwar einige Runden \u00fcberstand, mu\u00dfte er sich dann doch geschlagen geben, w\u00e4hrend er im Bereich Kata einen beachtlichen dritten Platz f\u00fcr sich verbuchen konnte.<\/p>\n<p>Marco Ke\u00dfler und Thomas M\u00fcller traten in der gleichen Gruppe an. Im Kumite waren beiden ihren Gegnern zu meiner Freude weit \u00fcberlegen. Kaum kam das Startzeichen, \u00fcbten sie auch schon durch ihr Vorgehen und ihre Auslagenwechsel so starken Druck auf die Gegner aus, da\u00df diese keine Chance hatten. So gelang es den beiden beispielsweise mehrfach ihre Gegner aus dem Pool herauszudr\u00e4ngen, was diesen nat\u00fcrlich eine Verwarnung einbrachte.<\/p>\n<p>Thomas wiederum wich nach dem erfolgten Angriff so schnell zur\u00fcck, da\u00df der Gegner selten eine Chance hatte nachzusetzen &#8211; einer rutschte sogar bei dem Versuch Thomas doch noch zu erreichen aus. Als Thomas und Marco dann im Finale aufeinandertrafen, war bei Marco leider der ganze Kampfgeist aus den Vorrunden weg. Entsprechend konnte er nat\u00fcrlich auch gegen Thomas nicht bestehen und verlor den Kampf sehr deutlich. Damit kam Marco nur auf Platz zwei im Kumite. Anders in der Kategorie Kata. Hier erk\u00e4mpfte Marco souver\u00e4n einen ersten Platz, w\u00e4hrend Thomas der schon in den ersten Runden auf Marco traf nur noch Aussichten auf den dritten Platz hatte. Diese Hoffnung zerschlug sich aber, als Thomas seinen Kampf in der Trostrunde verlor. Damit landete er auf dem undankbaren vierten Platz.<\/p>\n<p>Wie schon im letzten Jahr waren die Landesmeisterschaften damit f\u00fcr die Karateka unseres Vereins mit vier Landesmeistertiteln, einem zweiten und zwei dritten Pl\u00e4tzen ein voller Erfolg.<\/p>ngg_shortcode_0_placeholder<p>Nach einem Deutschen Meistertitel im Mai kann der Verein im Jahr seines f\u00fcnf-j\u00e4hrigen Bestehens auch noch vier Landesmeistertitel f\u00fcr sich verbuchen. Dieses Ergebnis erf\u00fcllt mich als Trainer und Vorsitzenden des Vereins mit besonderer Freude und Stolz. Ich hoffe, da\u00df wir im kommenden Jahr auf den guten Ergebnissen diesen Jahres weiter aufbauen k\u00f6nnen und die Wettkampfresultate noch besser ausfallen.<\/p>\n","protected":false},"excerpt":{"rendered":"<p>Unser Verein war wieder einmal erfolgreich Neuruppin \/ Bad Liebenwerda. Am 18.10.1997 fanden in Neuruppin die diesj\u00e4hrigen Landesmeisterschaften im traditionellen Shotokan-Karate statt, an denen sich auch der Liebenwerdaer Karateverein Bushido Lubwart Bad Liebenwerda e.V. mit f\u00fcnf Startern beteiligte. Eigentlich hatten wir noch einen Starter mehr gemeldet, aber Steffen Wohmann hatte sich am Freitag beim Training [&hellip;]<\/p>\n","protected":false},"author":2,"featured_media":0,"comment_status":"open","ping_status":"open","sticky":false,"template":"","format":"standard","meta":{"ngg_post_thumbnail":0,"footnotes":""},"categories":[143],"tags":[],"class_list":["post-232","post","type-post","status-publish","format-standard","hentry","category-news"],"_links":{"self":[{"href":"https:\/\/www.bushido-lubwart.de\/wordpress\/wp-json\/wp\/v2\/posts\/232"}],"collection":[{"href":"https:\/\/www.bushido-lubwart.de\/wordpress\/wp-json\/wp\/v2\/posts"}],"about":[{"href":"https:\/\/www.bushido-lubwart.de\/wordpress\/wp-json\/wp\/v2\/types\/post"}],"author":[{"embeddable":true,"href":"https:\/\/www.bushido-lubwart.de\/wordpress\/wp-json\/wp\/v2\/users\/2"}],"replies":[{"embeddable":true,"href":"https:\/\/www.bushido-lubwart.de\/wordpress\/wp-json\/wp\/v2\/comments?post=232"}],"version-history":[{"count":0,"href":"https:\/\/www.bushido-lubwart.de\/wordpress\/wp-json\/wp\/v2\/posts\/232\/revisions"}],"wp:attachment":[{"href":"https:\/\/www.bushido-lubwart.de\/wordpress\/wp-json\/wp\/v2\/media?parent=232"}],"wp:term":[{"taxonomy":"category","embeddable":true,"href":"https:\/\/www.bushido-lubwart.de\/wordpress\/wp-json\/wp\/v2\/categories?post=232"},{"taxonomy":"post_tag","embeddable":true,"href":"https:\/\/www.bushido-lubwart.de\/wordpress\/wp-json\/wp\/v2\/tags?post=232"}],"curies":[{"name":"wp","href":"https:\/\/api.w.org\/{rel}","templated":true}]}}