{"id":19,"date":"1992-01-29T11:02:16","date_gmt":"1992-01-29T10:02:16","guid":{"rendered":"http:\/\/lubwart.de\/wordpress\/?p=19"},"modified":"2008-02-06T11:17:12","modified_gmt":"2008-02-06T10:17:12","slug":"kampfkunst-show","status":"publish","type":"post","link":"https:\/\/www.bushido-lubwart.de\/wordpress\/kampfkunst-show\/","title":{"rendered":"Kampfkunst-Show"},"content":{"rendered":"<p>Am 29. Januar 1992 organisierten wir zusammen mit dem Kuroi Tora Dojo unter Leitung von Thomas Stolz eine gro\u00dfe Vorf\u00fchrung in Elsterwerda unter dem Motto &#8222;Was ist Budo?&#8220;. <!--more-->Ziel dieser Vorf\u00fchrung sollte es sein, Au\u00dfenstehenden den Sinn und Zweck unserer Kampfkunst n\u00e4herzubringen. Diese Vorf\u00fchrung ging \u00fcber eine Zeitdauer von eineinhalb Stunden. Was mich noch besonders an diese Vorf\u00fchrung erinnert ist die Tatsache, da\u00df ich damals doch wirklich die Vermessenheit bessen habe als Gelbgurt die Kata Heian Godan (erforderlich f\u00fcr die 2. Blaugurtpr\u00fcfung) zu zeigen. Daf\u00fcr sch\u00e4me ich mich noch heute.<\/p>\n","protected":false},"excerpt":{"rendered":"<p>Am 29. Januar 1992 organisierten wir zusammen mit dem Kuroi Tora Dojo unter Leitung von Thomas Stolz eine gro\u00dfe Vorf\u00fchrung in Elsterwerda unter dem Motto &#8222;Was ist Budo?&#8220;.<\/p>\n","protected":false},"author":2,"featured_media":0,"comment_status":"open","ping_status":"open","sticky":false,"template":"","format":"standard","meta":{"ngg_post_thumbnail":0,"footnotes":""},"categories":[143],"tags":[],"class_list":["post-19","post","type-post","status-publish","format-standard","hentry","category-news"],"_links":{"self":[{"href":"https:\/\/www.bushido-lubwart.de\/wordpress\/wp-json\/wp\/v2\/posts\/19"}],"collection":[{"href":"https:\/\/www.bushido-lubwart.de\/wordpress\/wp-json\/wp\/v2\/posts"}],"about":[{"href":"https:\/\/www.bushido-lubwart.de\/wordpress\/wp-json\/wp\/v2\/types\/post"}],"author":[{"embeddable":true,"href":"https:\/\/www.bushido-lubwart.de\/wordpress\/wp-json\/wp\/v2\/users\/2"}],"replies":[{"embeddable":true,"href":"https:\/\/www.bushido-lubwart.de\/wordpress\/wp-json\/wp\/v2\/comments?post=19"}],"version-history":[{"count":0,"href":"https:\/\/www.bushido-lubwart.de\/wordpress\/wp-json\/wp\/v2\/posts\/19\/revisions"}],"wp:attachment":[{"href":"https:\/\/www.bushido-lubwart.de\/wordpress\/wp-json\/wp\/v2\/media?parent=19"}],"wp:term":[{"taxonomy":"category","embeddable":true,"href":"https:\/\/www.bushido-lubwart.de\/wordpress\/wp-json\/wp\/v2\/categories?post=19"},{"taxonomy":"post_tag","embeddable":true,"href":"https:\/\/www.bushido-lubwart.de\/wordpress\/wp-json\/wp\/v2\/tags?post=19"}],"curies":[{"name":"wp","href":"https:\/\/api.w.org\/{rel}","templated":true}]}}