{"id":13,"date":"1991-02-06T10:53:11","date_gmt":"1991-02-06T09:53:11","guid":{"rendered":"http:\/\/lubwart.de\/wordpress\/?p=13"},"modified":"2008-02-06T11:14:53","modified_gmt":"2008-02-06T10:14:53","slug":"neuer-trainer","status":"publish","type":"post","link":"https:\/\/www.bushido-lubwart.de\/wordpress\/neuer-trainer\/","title":{"rendered":"Neuer Trainer"},"content":{"rendered":"<p>1991 begann Ralph P. G\u00f6rlach als Trainer t\u00e4tig zu werden. Mittlerweile war die urspr\u00fcngliche Trainermannschaft auch schon auf zwei zusammengeschrumpft, da J\u00f6rg Spanier anderswo einen Arbeitsplatz gefunden hatte. So leitete haupts\u00e4chlich Volker Klinkisch das Training, mit Ausnahme des Kata-Trainings, welches mir oblag, gleichwohl ich mir meine Kenntnisse ebenfalls nur aus B\u00fcchern angeeignet hatte, denn Lehrvideos besa\u00df ich damals nicht.<\/p>\n","protected":false},"excerpt":{"rendered":"<p>1991 begann Ralph P. G\u00f6rlach als Trainer t\u00e4tig zu werden. Mittlerweile war die urspr\u00fcngliche Trainermannschaft auch schon auf zwei zusammengeschrumpft, da J\u00f6rg Spanier anderswo einen Arbeitsplatz gefunden hatte. So leitete haupts\u00e4chlich Volker Klinkisch das Training, mit Ausnahme des Kata-Trainings, welches mir oblag, gleichwohl ich mir meine Kenntnisse ebenfalls nur aus B\u00fcchern angeeignet hatte, denn Lehrvideos [&hellip;]<\/p>\n","protected":false},"author":2,"featured_media":0,"comment_status":"open","ping_status":"open","sticky":false,"template":"","format":"standard","meta":{"ngg_post_thumbnail":0,"footnotes":""},"categories":[143],"tags":[],"class_list":["post-13","post","type-post","status-publish","format-standard","hentry","category-news"],"_links":{"self":[{"href":"https:\/\/www.bushido-lubwart.de\/wordpress\/wp-json\/wp\/v2\/posts\/13"}],"collection":[{"href":"https:\/\/www.bushido-lubwart.de\/wordpress\/wp-json\/wp\/v2\/posts"}],"about":[{"href":"https:\/\/www.bushido-lubwart.de\/wordpress\/wp-json\/wp\/v2\/types\/post"}],"author":[{"embeddable":true,"href":"https:\/\/www.bushido-lubwart.de\/wordpress\/wp-json\/wp\/v2\/users\/2"}],"replies":[{"embeddable":true,"href":"https:\/\/www.bushido-lubwart.de\/wordpress\/wp-json\/wp\/v2\/comments?post=13"}],"version-history":[{"count":0,"href":"https:\/\/www.bushido-lubwart.de\/wordpress\/wp-json\/wp\/v2\/posts\/13\/revisions"}],"wp:attachment":[{"href":"https:\/\/www.bushido-lubwart.de\/wordpress\/wp-json\/wp\/v2\/media?parent=13"}],"wp:term":[{"taxonomy":"category","embeddable":true,"href":"https:\/\/www.bushido-lubwart.de\/wordpress\/wp-json\/wp\/v2\/categories?post=13"},{"taxonomy":"post_tag","embeddable":true,"href":"https:\/\/www.bushido-lubwart.de\/wordpress\/wp-json\/wp\/v2\/tags?post=13"}],"curies":[{"name":"wp","href":"https:\/\/api.w.org\/{rel}","templated":true}]}}