{"id":128,"date":"1995-10-15T14:44:23","date_gmt":"1995-10-15T13:44:23","guid":{"rendered":"http:\/\/lubwart.de\/wordpress\/?p=128"},"modified":"2008-02-06T14:52:45","modified_gmt":"2008-02-06T13:52:45","slug":"herbstlehrgang","status":"publish","type":"post","link":"http:\/\/www.bushido-lubwart.de\/wordpress\/herbstlehrgang\/","title":{"rendered":"Herbstlehrgang"},"content":{"rendered":"<p>Wieder einmal lud der Shotokan Ryu zu einen Lehrgang mit Sensei Enoeda nach Berlin. Bedauerlicherweise konnten sich von den vielen, die anfangs mitfahren wollten, nur wenige entschlie\u00dfen ihren Vorsatz auch in die Tat umzusetzen. So waren wir denn auch nur zu viert.<br \/>\n<!--more--><br \/>\nIn dieser ersten Trainingseinheit ging Sensei Enoeda ganz besonders auf die richtige Ausf\u00fchrung des Fauststo\u00dfes und der Grundabwehren Age Uke und Soto Uke ein, die er au\u00dfergew\u00f6hnlich lang und ausf\u00fchrlich erl\u00e4uterte. Anschlie\u00dfend wurde dann das soeben gelernte noch einmal am Partner ge\u00fcbt (Man mu\u00df ja schlie\u00dflich wissen, ob das ganze auch in der Praxis noch so klar ist, wie in der Theorie.) und nun war die Trainingseinheit auch schon zu ende.<\/p>\n<p>Die darauffolgende Trainingseinheit (ab Blaugurt) beinhaltete Sensei Enoeda&#8217;s altbekannte Kombinationen. Im Anschlu\u00df wurde dann noch ein wenig Kumite ge\u00fcbt, wobei Sensei Enoeda besonderen Wert auf einfache Abwehr- und Kontertechniken legte, die aber dennoch nicht weniger wirkungsvoll waren.<\/p>\n<p>Nach diesem Training stand eine etwas l\u00e4ngere Pause auf dem Programm, die wir daf\u00fcr nutzen wollten, etwas zu essen. Bedauerlicherweise befand sich die Halle in einem Stadtteil, der in dieser Hinsicht sehr wenig M\u00f6glichkeiten bot (um nicht gleich zu sagen: gar keine). So fuhren wir denn in Richtung Zentrum und lie\u00dfen es uns bei McDonalds wohl sein &#8211; genau im gleichen Restaurant, in dem wir bereits w\u00e4hrend des Sommerlagers in Berlin zu Mittag gegessen hatten.<\/p>\n<p>Bedingt durch den langen Fahrtweg und die dann noch l\u00e4nger andauernde Parkplatzsuche schafften wir es nicht mehr, rechtzeitig zum Beginn der ersten Trainingszeit zur\u00fcck an der Halle zu sein. So entschlossen sich Marco und Thomas gleichfalls an der zweiten Trainingseinheit teilzunehmen. Diese, so dachte ich, wird bestimmt ebenfalls wieder Kumite beinhalten &#8211; so wie sonst auch. Aber ich hatte mich get\u00e4uscht. Sensei Enoeda lie\u00df durch den Dolmetscher mitteilen, da\u00df jetzt Kata ge\u00fcbt werde und zwar Gojushiho (eine h\u00f6here Schwarzgurt-Kata; Sensei Fujinaga sagte einmal \u00fcber diese Kata, da\u00df er viel zu schlecht sei, um diese vorzuf\u00fchren). Obwohl Sensei Enoeda die gesamte Kata in Einzelschritten durchnahm, konnte ich wie auch viele andere nur sehr sehr wenig behalten. Als er dann die Braun- und Schwarzgurten aufforderte, die Kata einmal allein zu laufen, mu\u00dften zahlreiche Braungurte aufgeben, weil es einfach zu schwierig wurde.<\/p>\n<p>Nach dieser Trainingseinheit ging es dann leider auch schon wieder nach hause.<\/p>\n<p>Ich bin sicher, da\u00df ich auch den n\u00e4chsten Lehrgang mit Sensei Enoeda nicht vers\u00e4umen werde und hoffe, da\u00df dann ein paar mehr Karate-Begeisterte aus unserem Verein die Gelegenheit nutzen werden, nach Berlin zu fahren um unter Sensei Enoeda&#8217;s Leitung zulernen.<\/p>\n","protected":false},"excerpt":{"rendered":"<p>Wieder einmal lud der Shotokan Ryu zu einen Lehrgang mit Sensei Enoeda nach Berlin. Bedauerlicherweise konnten sich von den vielen, die anfangs mitfahren wollten, nur wenige entschlie\u00dfen ihren Vorsatz auch in die Tat umzusetzen. So waren wir denn auch nur zu viert.<\/p>\n","protected":false},"author":2,"featured_media":0,"comment_status":"open","ping_status":"open","sticky":false,"template":"","format":"standard","meta":{"ngg_post_thumbnail":0,"footnotes":""},"categories":[143],"tags":[],"class_list":["post-128","post","type-post","status-publish","format-standard","hentry","category-news"],"_links":{"self":[{"href":"http:\/\/www.bushido-lubwart.de\/wordpress\/wp-json\/wp\/v2\/posts\/128"}],"collection":[{"href":"http:\/\/www.bushido-lubwart.de\/wordpress\/wp-json\/wp\/v2\/posts"}],"about":[{"href":"http:\/\/www.bushido-lubwart.de\/wordpress\/wp-json\/wp\/v2\/types\/post"}],"author":[{"embeddable":true,"href":"http:\/\/www.bushido-lubwart.de\/wordpress\/wp-json\/wp\/v2\/users\/2"}],"replies":[{"embeddable":true,"href":"http:\/\/www.bushido-lubwart.de\/wordpress\/wp-json\/wp\/v2\/comments?post=128"}],"version-history":[{"count":0,"href":"http:\/\/www.bushido-lubwart.de\/wordpress\/wp-json\/wp\/v2\/posts\/128\/revisions"}],"wp:attachment":[{"href":"http:\/\/www.bushido-lubwart.de\/wordpress\/wp-json\/wp\/v2\/media?parent=128"}],"wp:term":[{"taxonomy":"category","embeddable":true,"href":"http:\/\/www.bushido-lubwart.de\/wordpress\/wp-json\/wp\/v2\/categories?post=128"},{"taxonomy":"post_tag","embeddable":true,"href":"http:\/\/www.bushido-lubwart.de\/wordpress\/wp-json\/wp\/v2\/tags?post=128"}],"curies":[{"name":"wp","href":"https:\/\/api.w.org\/{rel}","templated":true}]}}